{"id":1502,"date":"2023-01-07T16:49:27","date_gmt":"2023-01-07T15:49:27","guid":{"rendered":"https:\/\/www.der-bienenfreund.de\/?p=1502"},"modified":"2024-07-09T17:17:14","modified_gmt":"2024-07-09T16:17:14","slug":"der-schwarmprozess-im-bienenvolk","status":"publish","type":"post","link":"https:\/\/www.der-bienenfreund.de\/wordpress\/der-schwarmprozess-im-bienenvolk\/","title":{"rendered":"Der Schwarmprozess im Bienenvolk"},"content":{"rendered":"<p>Samstag, 01. April 2023 &#8211; Kurs beim <a href=\"https:\/\/www.imkerverein-buehl.de\/\" target=\"_blank\" rel=\"noopener\">Kreisimkerverein B\u00fchl<\/a><br \/>\n9 bis 17.30 Uhr im Vereinsheim in B\u00fchl-Balzhofen<br \/>\nReferent: Michael Weiler &#8211; Fachberatung f\u00fcr Demeter-Bienenhaltung und \u00f6kologisch orientierte Imkerei<\/p>\n<p>Der Schwarmproze\u00df ist eine elementare Lebens\u00e4u\u00dferung von V\u00f6lkern der Honigbiene. Jedes Volk durchl\u00e4uft jedes Jahr zwischen der Fr\u00fchlings-Tag-und-Nacht-Gleiche und der Sommersonnenwende diesen Proze\u00df, auch dann, wenn es nicht in akute Schwarmstimmung kommt und dann ggf. schw\u00e4rmt. Ein Verst\u00e4ndnis f\u00fcr die biologischen Grundlagen, die in diesem Proze\u00df wirken, kann auch eine Ann\u00e4herung an das Verst\u00e4ndnis des Bienenwesens bringen. Unerl\u00e4sslich ist die Kenntnis aber f\u00fcr einen Umgang mit den Bienenv\u00f6lkern, wenn die\/der ImkerIn nicht permanent Schwarmverhinderung betreiben will, sondern positiv die Energie handhaben will, welche die V\u00f6lker im Schwarmproze\u00df aktivieren. Dazu kann dieser Kurs Grundlagen vermitteln und auch Hinweise auf einen praktischen Umgang mit dem Schwarmproze\u00df.<\/p>\n","protected":false},"excerpt":{"rendered":"<p>Samstag, 01. April 2023 &#8211; Kurs beim Kreisimkerverein B\u00fchl 9 bis 17.30 Uhr im Vereinsheim in B\u00fchl-Balzhofen Referent: Michael Weiler &#8211; Fachberatung f\u00fcr Demeter-Bienenhaltung und \u00f6kologisch orientierte Imkerei Der Schwarmproze\u00df ist eine elementare Lebens\u00e4u\u00dferung von V\u00f6lkern der Honigbiene. Jedes Volk durchl\u00e4uft jedes Jahr zwischen der Fr\u00fchlings-Tag-und-Nacht-Gleiche und der Sommersonnenwende diesen [&hellip;]<\/p>\n","protected":false},"author":2,"featured_media":0,"comment_status":"closed","ping_status":"closed","sticky":false,"template":"","format":"standard","meta":{"footnotes":""},"categories":[12,9],"tags":[16,14,13],"class_list":["post-1502","post","type-post","status-publish","format-standard","hentry","category-vergangene","category-veranstaltungen","tag-bienenkurs","tag-schwarmkultur","tag-schwarmprozess"],"_links":{"self":[{"href":"https:\/\/www.der-bienenfreund.de\/wordpress\/wp-json\/wp\/v2\/posts\/1502","targetHints":{"allow":["GET"]}}],"collection":[{"href":"https:\/\/www.der-bienenfreund.de\/wordpress\/wp-json\/wp\/v2\/posts"}],"about":[{"href":"https:\/\/www.der-bienenfreund.de\/wordpress\/wp-json\/wp\/v2\/types\/post"}],"author":[{"embeddable":true,"href":"https:\/\/www.der-bienenfreund.de\/wordpress\/wp-json\/wp\/v2\/users\/2"}],"replies":[{"embeddable":true,"href":"https:\/\/www.der-bienenfreund.de\/wordpress\/wp-json\/wp\/v2\/comments?post=1502"}],"version-history":[{"count":3,"href":"https:\/\/www.der-bienenfreund.de\/wordpress\/wp-json\/wp\/v2\/posts\/1502\/revisions"}],"predecessor-version":[{"id":1707,"href":"https:\/\/www.der-bienenfreund.de\/wordpress\/wp-json\/wp\/v2\/posts\/1502\/revisions\/1707"}],"wp:attachment":[{"href":"https:\/\/www.der-bienenfreund.de\/wordpress\/wp-json\/wp\/v2\/media?parent=1502"}],"wp:term":[{"taxonomy":"category","embeddable":true,"href":"https:\/\/www.der-bienenfreund.de\/wordpress\/wp-json\/wp\/v2\/categories?post=1502"},{"taxonomy":"post_tag","embeddable":true,"href":"https:\/\/www.der-bienenfreund.de\/wordpress\/wp-json\/wp\/v2\/tags?post=1502"}],"curies":[{"name":"wp","href":"https:\/\/api.w.org\/{rel}","templated":true}]}}