{"id":1446,"date":"2022-05-08T10:00:44","date_gmt":"2022-05-08T08:00:44","guid":{"rendered":"https:\/\/www.der-bienenfreund.de\/?p=1446"},"modified":"2023-10-09T08:40:58","modified_gmt":"2023-10-09T07:40:58","slug":"honigbienen-ihre-bedeutung-fuer-natur-und-mensch","status":"publish","type":"post","link":"https:\/\/www.der-bienenfreund.de\/wordpress\/honigbienen-ihre-bedeutung-fuer-natur-und-mensch\/","title":{"rendered":"Honigbienen \u2013 ihre Bedeutung f\u00fcr Natur und Mensch"},"content":{"rendered":"<div><strong>Freitag, 16.09.2022 ab 15 Uhr<br \/>\nin Gudensberg-Obervorsch\u00fctz auf <a href=\"https:\/\/www.griesels-milchhof.de\/\" target=\"_blank\" rel=\"noopener\">Griesels Milchhof<\/a><br \/>\n<\/strong><\/div>\n<div><strong>Ein Vortrag in der NEUEN Veranstaltungsreihe:<br \/>\n<\/strong><a href=\"https:\/\/www.der-bienenfreund.de\/wordpress\/wp-content\/uploads\/2022\/09\/MADE-IN-SCHWALM-EDER_Sommer22_neu.pdf\" target=\"_blank\" rel=\"noopener\">&#8222;Made in Schwalm-Eder: Gr\u00fcne Produkte und Ideen aus der Region&#8220;<\/a><\/div>\n<div>Veranstaltung 1: <span style=\"color: #ff6600;\">&#8222;Honigbienen \u2013 ihre Bedeutung f\u00fcr Natur und Mensch&#8220;<\/span><br \/>\n&#8222;Nicht jeder Mensch kann ein Imker oder Bienenpfleger sein, aber je mehr Menschen vertraut sind mit dem Wirken der Honigbienen, desto besser kann f\u00fcr sie gesorgt werden und desto besser k\u00f6nnen sie ihre Aufgabe im Leben der Natur erf\u00fcllen.&#8220;<\/div>\n","protected":false},"excerpt":{"rendered":"<p>Freitag, 16.09.2022 ab 15 Uhr in Gudensberg-Obervorsch\u00fctz auf Griesels Milchhof Ein Vortrag in der NEUEN Veranstaltungsreihe: &#8222;Made in Schwalm-Eder: Gr\u00fcne Produkte und Ideen aus der Region&#8220; Veranstaltung 1: &#8222;Honigbienen \u2013 ihre Bedeutung f\u00fcr Natur und Mensch&#8220; &#8222;Nicht jeder Mensch kann ein Imker oder Bienenpfleger sein, aber je mehr Menschen vertraut [&hellip;]<\/p>\n","protected":false},"author":2,"featured_media":0,"comment_status":"closed","ping_status":"closed","sticky":false,"template":"","format":"standard","meta":{"footnotes":""},"categories":[12,9],"tags":[],"class_list":["post-1446","post","type-post","status-publish","format-standard","hentry","category-vergangene","category-veranstaltungen"],"_links":{"self":[{"href":"https:\/\/www.der-bienenfreund.de\/wordpress\/wp-json\/wp\/v2\/posts\/1446","targetHints":{"allow":["GET"]}}],"collection":[{"href":"https:\/\/www.der-bienenfreund.de\/wordpress\/wp-json\/wp\/v2\/posts"}],"about":[{"href":"https:\/\/www.der-bienenfreund.de\/wordpress\/wp-json\/wp\/v2\/types\/post"}],"author":[{"embeddable":true,"href":"https:\/\/www.der-bienenfreund.de\/wordpress\/wp-json\/wp\/v2\/users\/2"}],"replies":[{"embeddable":true,"href":"https:\/\/www.der-bienenfreund.de\/wordpress\/wp-json\/wp\/v2\/comments?post=1446"}],"version-history":[{"count":16,"href":"https:\/\/www.der-bienenfreund.de\/wordpress\/wp-json\/wp\/v2\/posts\/1446\/revisions"}],"predecessor-version":[{"id":1641,"href":"https:\/\/www.der-bienenfreund.de\/wordpress\/wp-json\/wp\/v2\/posts\/1446\/revisions\/1641"}],"wp:attachment":[{"href":"https:\/\/www.der-bienenfreund.de\/wordpress\/wp-json\/wp\/v2\/media?parent=1446"}],"wp:term":[{"taxonomy":"category","embeddable":true,"href":"https:\/\/www.der-bienenfreund.de\/wordpress\/wp-json\/wp\/v2\/categories?post=1446"},{"taxonomy":"post_tag","embeddable":true,"href":"https:\/\/www.der-bienenfreund.de\/wordpress\/wp-json\/wp\/v2\/tags?post=1446"}],"curies":[{"name":"wp","href":"https:\/\/api.w.org\/{rel}","templated":true}]}}