{"id":1257,"date":"2019-05-27T13:49:41","date_gmt":"2019-05-27T12:49:41","guid":{"rendered":"https:\/\/www.der-bienenfreund.de\/?p=1257"},"modified":"2020-07-21T13:55:30","modified_gmt":"2020-07-21T12:55:30","slug":"montag-27-05-2019","status":"publish","type":"post","link":"https:\/\/www.der-bienenfreund.de\/wordpress\/montag-27-05-2019\/","title":{"rendered":"Montag, 27.05.2019"},"content":{"rendered":"<p>Wird Europa nach der Europa-Wahl \u201egr\u00fcner\u201c?<br \/>\nNur dann, wenn wir uns immer wieder selbst aktivieren und einbringen! Wir d\u00fcrfen die Politik nicht nur den Politikern \u00fcberlassen! Insbesondere Imker und Menschen, die f\u00fcr Natur und Insekten eine engagierte Haltung empfinden, m\u00fcssen sich immer wieder sanft bis nachdr\u00fccklich (nicht militant) einbringen.<\/p>\n<p>Nach dem sehr starken Votum in Bayern ist auch die Petition von Thomas Radetzki zur \u201ePestizidkontrolle\u201c mit gro\u00dfer Zustimmung erfolgreich gewesen \u2013 wie es jetzt weitergeht: Dar\u00fcber wird <a href=\"https:\/\/www.pestizidkontrolle.de\/\" target=\"_blank\" rel=\"noopener noreferrer\">hier<\/a> berichtet.<\/p>\n<p>Aktuell findet in Baden-W\u00fcrttemberg eine solche Aktion statt \u2013 das <a href=\"https:\/\/volksbegehren-artenschutz.de\/\" target=\"_blank\" rel=\"noopener noreferrer\">\u201eVolksbegehren Artenschutz\u201c<\/a> \u2013 auch dieses braucht Unterst\u00fctzung!<\/p>\n","protected":false},"excerpt":{"rendered":"<p>Wird Europa nach der Europa-Wahl \u201egr\u00fcner\u201c? Nur dann, wenn wir uns immer wieder selbst aktivieren und einbringen! Wir d\u00fcrfen die Politik nicht nur den Politikern \u00fcberlassen! Insbesondere Imker und Menschen, die f\u00fcr Natur und Insekten eine engagierte Haltung empfinden, m\u00fcssen sich immer wieder sanft bis nachdr\u00fccklich (nicht militant) einbringen. Nach [&hellip;]<\/p>\n","protected":false},"author":2,"featured_media":0,"comment_status":"closed","ping_status":"closed","sticky":false,"template":"","format":"standard","meta":{"footnotes":""},"categories":[44],"tags":[],"class_list":["post-1257","post","type-post","status-publish","format-standard","hentry","category-gedanken"],"_links":{"self":[{"href":"https:\/\/www.der-bienenfreund.de\/wordpress\/wp-json\/wp\/v2\/posts\/1257","targetHints":{"allow":["GET"]}}],"collection":[{"href":"https:\/\/www.der-bienenfreund.de\/wordpress\/wp-json\/wp\/v2\/posts"}],"about":[{"href":"https:\/\/www.der-bienenfreund.de\/wordpress\/wp-json\/wp\/v2\/types\/post"}],"author":[{"embeddable":true,"href":"https:\/\/www.der-bienenfreund.de\/wordpress\/wp-json\/wp\/v2\/users\/2"}],"replies":[{"embeddable":true,"href":"https:\/\/www.der-bienenfreund.de\/wordpress\/wp-json\/wp\/v2\/comments?post=1257"}],"version-history":[{"count":1,"href":"https:\/\/www.der-bienenfreund.de\/wordpress\/wp-json\/wp\/v2\/posts\/1257\/revisions"}],"predecessor-version":[{"id":1258,"href":"https:\/\/www.der-bienenfreund.de\/wordpress\/wp-json\/wp\/v2\/posts\/1257\/revisions\/1258"}],"wp:attachment":[{"href":"https:\/\/www.der-bienenfreund.de\/wordpress\/wp-json\/wp\/v2\/media?parent=1257"}],"wp:term":[{"taxonomy":"category","embeddable":true,"href":"https:\/\/www.der-bienenfreund.de\/wordpress\/wp-json\/wp\/v2\/categories?post=1257"},{"taxonomy":"post_tag","embeddable":true,"href":"https:\/\/www.der-bienenfreund.de\/wordpress\/wp-json\/wp\/v2\/tags?post=1257"}],"curies":[{"name":"wp","href":"https:\/\/api.w.org\/{rel}","templated":true}]}}