{"id":1247,"date":"2020-07-15T09:23:46","date_gmt":"2020-07-15T08:23:46","guid":{"rendered":"https:\/\/www.der-bienenfreund.de\/?p=1247"},"modified":"2020-09-07T10:19:28","modified_gmt":"2020-09-07T09:19:28","slug":"1247-2","status":"publish","type":"post","link":"https:\/\/www.der-bienenfreund.de\/wordpress\/1247-2\/","title":{"rendered":"Mittwoch, 15.07.2020"},"content":{"rendered":"<p>Mein erster Gedanken-Beitrag unten vom 03.02.2019 stellte die Frage <a href=\"https:\/\/www.2000m2.eu\/de\/\" rel=\"noopener noreferrer\" target=\"_blank\">\u201eKommen wir mit 2000 m\u00b2 zurecht?\u201c<\/a> \u2013 dazu erreichte mich k\u00fcrzlich eine <a href=\"https:\/\/www.oekolandbau.de\/index.php?id=18443\" target=\"_blank\" rel=\"noopener noreferrer\">Nachricht<\/a> und da mich auf Grund der aktuellen Verh\u00e4ltnisse und der gerade etwas in den Hintergrund geratenen Klimadiskussion diese Frage ohnehin besch\u00e4ftigt, hier ein paar meiner noch eher fragenden Gedanken dazu:<\/p>\n<p>Im Laufe der Geschichte der letzten Jahrhunderte kann man erleben, da\u00df sich der Mensch immer mehr aus vielen Prozessen \u201eherausgenommen\u201c hat \u2013 er leistet sie, die Arbeit an den Dingen und den Verh\u00e4ltnissen, z.B. in der Natur, immer weniger selbst; er \u201edelegiert\u201c sie an Maschinen, die er sich dazu ausgedacht und sie dann gebaut hat. \u00d6konomisch betrachtet minimiert sich dadurch der \u201eProduktionsfaktor Mensch\u201c in den Prozessen selbst. Am Beispiel: In der Landwirtschaft wurde z.B. die \u201eArbeitszeit pro Kuh und Tag\u201c in den letzten Jahrzehnten erheblich minimiert; ebenso die Arbeitszeit pro Hektar Acker oder Wiese pro Jahr. In vielen Produktionsprozessen in der technischen Welt ist das \u00e4hnlich. W\u00e4re es m\u00f6glich, f\u00fcr die Zeit, seit der das so stattfindet, eine Korrelation zum Anstieg des CO<sub>2 <\/sub>in der Athmosph\u00e4re zu finden? Kann man die Ursache f\u00fcr diesen Anstieg mit der oben genannten Feststellung in eine Beziehung bringen, die schl\u00fcssig ist? Und wenn ja, was w\u00e4re daraus abzuleiten?<br \/>\nMehr dazu demn\u00e4chst, wenn die Gedanken noch besser zu denken und auszudr\u00fccken sind.<\/p>\n","protected":false},"excerpt":{"rendered":"<p>Mein erster Gedanken-Beitrag unten vom 03.02.2019 stellte die Frage \u201eKommen wir mit 2000 m\u00b2 zurecht?\u201c \u2013 dazu erreichte mich k\u00fcrzlich eine Nachricht und da mich auf Grund der aktuellen Verh\u00e4ltnisse und der gerade etwas in den Hintergrund geratenen Klimadiskussion diese Frage ohnehin besch\u00e4ftigt, hier ein paar meiner noch eher fragenden [&hellip;]<\/p>\n","protected":false},"author":2,"featured_media":0,"comment_status":"closed","ping_status":"closed","sticky":false,"template":"","format":"standard","meta":{"footnotes":""},"categories":[44],"tags":[47,46,32,45],"class_list":["post-1247","post","type-post","status-publish","format-standard","hentry","category-gedanken","tag-co2","tag-klimaerwaermung","tag-kultur","tag-produktivitaet"],"_links":{"self":[{"href":"https:\/\/www.der-bienenfreund.de\/wordpress\/wp-json\/wp\/v2\/posts\/1247","targetHints":{"allow":["GET"]}}],"collection":[{"href":"https:\/\/www.der-bienenfreund.de\/wordpress\/wp-json\/wp\/v2\/posts"}],"about":[{"href":"https:\/\/www.der-bienenfreund.de\/wordpress\/wp-json\/wp\/v2\/types\/post"}],"author":[{"embeddable":true,"href":"https:\/\/www.der-bienenfreund.de\/wordpress\/wp-json\/wp\/v2\/users\/2"}],"replies":[{"embeddable":true,"href":"https:\/\/www.der-bienenfreund.de\/wordpress\/wp-json\/wp\/v2\/comments?post=1247"}],"version-history":[{"count":5,"href":"https:\/\/www.der-bienenfreund.de\/wordpress\/wp-json\/wp\/v2\/posts\/1247\/revisions"}],"predecessor-version":[{"id":1280,"href":"https:\/\/www.der-bienenfreund.de\/wordpress\/wp-json\/wp\/v2\/posts\/1247\/revisions\/1280"}],"wp:attachment":[{"href":"https:\/\/www.der-bienenfreund.de\/wordpress\/wp-json\/wp\/v2\/media?parent=1247"}],"wp:term":[{"taxonomy":"category","embeddable":true,"href":"https:\/\/www.der-bienenfreund.de\/wordpress\/wp-json\/wp\/v2\/categories?post=1247"},{"taxonomy":"post_tag","embeddable":true,"href":"https:\/\/www.der-bienenfreund.de\/wordpress\/wp-json\/wp\/v2\/tags?post=1247"}],"curies":[{"name":"wp","href":"https:\/\/api.w.org\/{rel}","templated":true}]}}